{"id":8365,"date":"2010-09-10T17:45:38","date_gmt":"2010-09-10T15:45:38","guid":{"rendered":"http:\/\/karin.stampis.com\/blog\/?p=8365"},"modified":"2010-09-10T17:45:38","modified_gmt":"2010-09-10T15:45:38","slug":"provtryck","status":"publish","type":"post","link":"http:\/\/karin.stampis.com\/blog\/?p=8365","title":{"rendered":"Provtryck!"},"content":{"rendered":"<p>Nu har jag bokat in ett provtryck av min avhandling p\u00e5 m\u00e5ndag morgon \ud83d\ude42 . Egentligen skulle inte avhandlingen tryckas f\u00f6rr\u00e4n m\u00e5nadsskiftet september\/oktober, men d\u00e5 jag fick <a href=\"http:\/\/karin.stampis.com\/blog\/?p=7828\">lite andra trevliga uppgifter<\/a> vid den tiden s\u00e5 fick tiden f\u00f6r tryckandet\u00a0 \u00e4ndras. Egentligen inget st\u00f6rre problem f\u00f6r mig, d\u00e5 jag \u00e4r en extrem (kanske lite halv-manisk) tidspessimist som aldrig \u00e4r ute i sista minuten \u00e4nd\u00e5 (f\u00f6rutom i undantagsfall d\u00e5 det \u00e4r omst\u00e4ndigheter jag inte r\u00e5der \u00f6ver \ud83d\ude09 ). Dock hade min handledare v\u00e4ldigt mycket att g\u00f6ra just nu, och det hade ju \u00e4nd\u00e5 varit r\u00e4tt bra om hon kollade igenom den innan tryck s\u00e5 det inte st\u00e5r helt tokiga saker i den :p . S\u00e5 jag b\u00f6rjade bli lite svettig d\u00e5 tiden gick utan den kollades, och ins\u00e5g sen att den inte skulle hinna kollas till idag.\u00a0 S\u00e5 jag bj\u00f6d helt enkelt in mig till henne p\u00e5 s\u00f6ndagskv\u00e4llen f\u00f6r att f\u00e5 feedback (lite klurigt ta s\u00e5nt via mail eller telefon), s\u00e5 att den kan bli klar tills p\u00e5 m\u00e5ndag morgon (om hon inte tycker att jag ska total-revidera&#8230;). Hade varit supersk\u00f6nt att ha provtrycket i handen innan vi \u00e5ker till Rom (dit vi \u00e5ker p\u00e5 tisdag fm, d\u00e4rf\u00f6r denna fixering p\u00e5 m\u00e5ndagsmorgonen), d\u00e5 skulle jag f\u00e5 en helt annan sj\u00e4lslig ro d\u00e5 vi \u00e4r d\u00e4r \ud83d\ude42 . Ahhh, blir helt euforisk p\u00e5 tanken av avhandligen snart \u00e4r klar, tjohoo \ud83d\ude00 ! Har varit v\u00e4ldigt kul att skriva men med allt runtomkring s\u00e5 \u00e4r det ack s\u00e5 stressande &#8211; \u00e4r nog inte den mest stabila varianten av mig sj\u00e4lv just nu&#8230;<\/p>\n","protected":false},"excerpt":{"rendered":"<p>Nu har jag bokat in ett provtryck av min avhandling p\u00e5 m\u00e5ndag morgon \ud83d\ude42 . Egentligen skulle inte avhandlingen tryckas f\u00f6rr\u00e4n m\u00e5nadsskiftet september\/oktober, men d\u00e5 jag fick lite andra trevliga uppgifter vid den tiden s\u00e5 fick tiden f\u00f6r tryckandet\u00a0 \u00e4ndras. &hellip; <a href=\"http:\/\/karin.stampis.com\/blog\/?p=8365\">Continue reading <span class=\"meta-nav\">&rarr;<\/span><\/a><\/p>\n","protected":false},"author":1,"featured_media":0,"comment_status":"open","ping_status":"open","sticky":false,"template":"","format":"standard","meta":{"footnotes":""},"categories":[245,263],"tags":[],"class_list":["post-8365","post","type-post","status-publish","format-standard","hentry","category-245","category-september-2010"],"_links":{"self":[{"href":"http:\/\/karin.stampis.com\/blog\/index.php?rest_route=\/wp\/v2\/posts\/8365","targetHints":{"allow":["GET"]}}],"collection":[{"href":"http:\/\/karin.stampis.com\/blog\/index.php?rest_route=\/wp\/v2\/posts"}],"about":[{"href":"http:\/\/karin.stampis.com\/blog\/index.php?rest_route=\/wp\/v2\/types\/post"}],"author":[{"embeddable":true,"href":"http:\/\/karin.stampis.com\/blog\/index.php?rest_route=\/wp\/v2\/users\/1"}],"replies":[{"embeddable":true,"href":"http:\/\/karin.stampis.com\/blog\/index.php?rest_route=%2Fwp%2Fv2%2Fcomments&post=8365"}],"version-history":[{"count":8,"href":"http:\/\/karin.stampis.com\/blog\/index.php?rest_route=\/wp\/v2\/posts\/8365\/revisions"}],"predecessor-version":[{"id":8373,"href":"http:\/\/karin.stampis.com\/blog\/index.php?rest_route=\/wp\/v2\/posts\/8365\/revisions\/8373"}],"wp:attachment":[{"href":"http:\/\/karin.stampis.com\/blog\/index.php?rest_route=%2Fwp%2Fv2%2Fmedia&parent=8365"}],"wp:term":[{"taxonomy":"category","embeddable":true,"href":"http:\/\/karin.stampis.com\/blog\/index.php?rest_route=%2Fwp%2Fv2%2Fcategories&post=8365"},{"taxonomy":"post_tag","embeddable":true,"href":"http:\/\/karin.stampis.com\/blog\/index.php?rest_route=%2Fwp%2Fv2%2Ftags&post=8365"}],"curies":[{"name":"wp","href":"https:\/\/api.w.org\/{rel}","templated":true}]}}