{"id":8383,"date":"2010-09-12T11:49:30","date_gmt":"2010-09-12T09:49:30","guid":{"rendered":"http:\/\/karin.stampis.com\/blog\/?p=8383"},"modified":"2010-09-12T11:51:16","modified_gmt":"2010-09-12T09:51:16","slug":"rom","status":"publish","type":"post","link":"http:\/\/karin.stampis.com\/blog\/?p=8383","title":{"rendered":"Rom"},"content":{"rendered":"<p>S\u00e5 \u00e4r det snart dags att \u00e5ka till Rom, tjohoo! Kan tyckas lite konstigt att \u00e5ka bort d\u00e5 man har som mest att g\u00f6ra, men jag ville verkligen inte fira min f\u00f6delsedag svettandes \u00f6ver min avhandling &#8211; jobbar hellre helgerna innan och efter i s\u00e5 fall (s\u00e5 egentligen lite taskigt att man m\u00e5ste ta ut semesterdagar :p ). N\u00e5v\u00e4l, det ska bli S\u00c5 g\u00f6tt att komma iv\u00e4g. Maken har ocks\u00e5 jobbat som en tok p\u00e5 sistone s\u00e5 vi beh\u00f6ver lite ledighet b\u00e5da tv\u00e5. D\u00e4rf\u00f6r \u00e4r det inte s\u00e5 mycket inplanerat i Rom (med mina m\u00e5tt m\u00e4tt). Men vi m\u00e5ste g\u00e5 in i Colosseum och sev\u00e4rdheterna i Vatikanen. Vilka ju r\u00e5kar vara de med tokl\u00e5nga k\u00f6er ocks\u00e5 &#8211; \u00e4r lite off p\u00e5 s\u00e5nt efter v\u00e5rt evighetsk\u00f6ande i Versailles, men men. Dj\u00e4r\u00e4lskare som vi \u00e4r s\u00e5 \u00e4r stopp p\u00e5 <a href=\"http:\/\/www.romancats.com\">Torre Argentina Cat Sanctuary<\/a> samt <a href=\"http:\/\/www.bioparco.it\/en\/bioparco-in-rome.html\">Roms zoo<\/a> ocks\u00e5 inplanerade. Annars \u00e4r planerna mest att flanera, \u00e4ta gott och l\u00e4mna stressen d\u00e4r hemma. Hoppas hoppas hoppas att det inte \u00e4r s\u00e5 mycket jag beh\u00f6ver fixa p\u00e5 min avhandling efter mitt m\u00f6te med min handledare ikv\u00e4ll, s\u00e5 jag kan g\u00e5 mig sj\u00e4lv en f\u00e4rdig avhandling som f\u00f6delsedagspresent \ud83d\ude42 . Men jag \u00e4r s\u00e4ker p\u00e5 att jag f\u00e5r en h\u00e4rlig f\u00f6delsedag d\u00e4r i vilket fall &#8211; maken har bokat middag p\u00e5 hemligt st\u00e4lle och i \u00f6vrigt har jag planerat ett schema f\u00f6r dagen som jag tycker l\u00e5ter perfekt \ud83d\ude42 . L\u00e4ngtar!<\/p>\n<p><img loading=\"lazy\" decoding=\"async\" class=\"aligncenter size-medium wp-image-8384\" title=\"800px-Colosseum_in_Rome-April_2007-1-_copie_2B\" src=\"http:\/\/karin.stampis.com\/blog\/wp-content\/uploads\/2010\/09\/800px-Colosseum_in_Rome-April_2007-1-_copie_2B-360x211.jpg\" alt=\"\" width=\"360\" height=\"211\" srcset=\"http:\/\/karin.stampis.com\/blog\/wp-content\/uploads\/2010\/09\/800px-Colosseum_in_Rome-April_2007-1-_copie_2B-360x211.jpg 360w, http:\/\/karin.stampis.com\/blog\/wp-content\/uploads\/2010\/09\/800px-Colosseum_in_Rome-April_2007-1-_copie_2B.jpg 800w\" sizes=\"auto, (max-width: 360px) 100vw, 360px\" \/><\/p>\n<p><img loading=\"lazy\" decoding=\"async\" class=\"aligncenter size-medium wp-image-8385\" title=\"800px-StPetersBasilicaEarlyMorning\" src=\"http:\/\/karin.stampis.com\/blog\/wp-content\/uploads\/2010\/09\/800px-StPetersBasilicaEarlyMorning-360x232.jpg\" alt=\"\" width=\"360\" height=\"232\" srcset=\"http:\/\/karin.stampis.com\/blog\/wp-content\/uploads\/2010\/09\/800px-StPetersBasilicaEarlyMorning-360x232.jpg 360w, http:\/\/karin.stampis.com\/blog\/wp-content\/uploads\/2010\/09\/800px-StPetersBasilicaEarlyMorning.jpg 800w\" sizes=\"auto, (max-width: 360px) 100vw, 360px\" \/><\/p>\n","protected":false},"excerpt":{"rendered":"<p>S\u00e5 \u00e4r det snart dags att \u00e5ka till Rom, tjohoo! Kan tyckas lite konstigt att \u00e5ka bort d\u00e5 man har som mest att g\u00f6ra, men jag ville verkligen inte fira min f\u00f6delsedag svettandes \u00f6ver min avhandling &#8211; jobbar hellre helgerna &hellip; <a href=\"http:\/\/karin.stampis.com\/blog\/?p=8383\">Continue reading <span class=\"meta-nav\">&rarr;<\/span><\/a><\/p>\n","protected":false},"author":1,"featured_media":0,"comment_status":"open","ping_status":"open","sticky":false,"template":"","format":"standard","meta":{"footnotes":""},"categories":[245,263],"tags":[],"class_list":["post-8383","post","type-post","status-publish","format-standard","hentry","category-245","category-september-2010"],"_links":{"self":[{"href":"http:\/\/karin.stampis.com\/blog\/index.php?rest_route=\/wp\/v2\/posts\/8383","targetHints":{"allow":["GET"]}}],"collection":[{"href":"http:\/\/karin.stampis.com\/blog\/index.php?rest_route=\/wp\/v2\/posts"}],"about":[{"href":"http:\/\/karin.stampis.com\/blog\/index.php?rest_route=\/wp\/v2\/types\/post"}],"author":[{"embeddable":true,"href":"http:\/\/karin.stampis.com\/blog\/index.php?rest_route=\/wp\/v2\/users\/1"}],"replies":[{"embeddable":true,"href":"http:\/\/karin.stampis.com\/blog\/index.php?rest_route=%2Fwp%2Fv2%2Fcomments&post=8383"}],"version-history":[{"count":15,"href":"http:\/\/karin.stampis.com\/blog\/index.php?rest_route=\/wp\/v2\/posts\/8383\/revisions"}],"predecessor-version":[{"id":8398,"href":"http:\/\/karin.stampis.com\/blog\/index.php?rest_route=\/wp\/v2\/posts\/8383\/revisions\/8398"}],"wp:attachment":[{"href":"http:\/\/karin.stampis.com\/blog\/index.php?rest_route=%2Fwp%2Fv2%2Fmedia&parent=8383"}],"wp:term":[{"taxonomy":"category","embeddable":true,"href":"http:\/\/karin.stampis.com\/blog\/index.php?rest_route=%2Fwp%2Fv2%2Fcategories&post=8383"},{"taxonomy":"post_tag","embeddable":true,"href":"http:\/\/karin.stampis.com\/blog\/index.php?rest_route=%2Fwp%2Fv2%2Ftags&post=8383"}],"curies":[{"name":"wp","href":"https:\/\/api.w.org\/{rel}","templated":true}]}}