{"id":8452,"date":"2010-09-21T16:50:53","date_gmt":"2010-09-21T14:50:53","guid":{"rendered":"http:\/\/karin.stampis.com\/blog\/?p=8452"},"modified":"2010-09-21T19:21:48","modified_gmt":"2010-09-21T17:21:48","slug":"vatikanen","status":"publish","type":"post","link":"http:\/\/karin.stampis.com\/blog\/?p=8452","title":{"rendered":"Vatikanen"},"content":{"rendered":"<p>Vatikanen var en upplevelse \u00e4ven f\u00f6r en ateist som jag. S\u00e5 maffigt! Peterskyrkan var gigantisk, utsikten fr\u00e5n domen mycket fin och Vatikanmuseerna fascinerande. Guld och \u00e4delstenar i m\u00e4ngder i Peterskyrkans skattkammare &#8211; den kyrkan m\u00e5ste vara v\u00e4ldigt rik&#8230;<\/p>\n<p>Det fanns massvis med k\u00e4nda tavlor i Vatikanmuseerna, och \u00e4ven taken var fulla av m\u00e5lningar (inte bara i Sixtinska kapellet). Hann inte se allt p\u00e5 Vatikanmuseerna, hade aldrig g\u00e5tt att hinna med eller orka.<\/p>\n<p>Stor kyrka<\/p>\n<p><img loading=\"lazy\" decoding=\"async\" class=\"aligncenter size-medium wp-image-8453\" title=\"IMG_9274\" src=\"http:\/\/karin.stampis.com\/blog\/wp-content\/uploads\/2010\/09\/IMG_9274-360x270.jpg\" alt=\"\" width=\"360\" height=\"270\" srcset=\"http:\/\/karin.stampis.com\/blog\/wp-content\/uploads\/2010\/09\/IMG_9274-360x270.jpg 360w, http:\/\/karin.stampis.com\/blog\/wp-content\/uploads\/2010\/09\/IMG_9274.jpg 400w\" sizes=\"auto, (max-width: 360px) 100vw, 360px\" \/><\/p>\n<p>Sv\u00e5rt att ta bilder inuti, men h\u00e4r syns iaf en ytte-pyttedel av kyrkan.<\/p>\n<p><img loading=\"lazy\" decoding=\"async\" class=\"aligncenter size-medium wp-image-8455\" title=\"IMG_9642\" src=\"http:\/\/karin.stampis.com\/blog\/wp-content\/uploads\/2010\/09\/IMG_9642-270x360.jpg\" alt=\"\" width=\"270\" height=\"360\" srcset=\"http:\/\/karin.stampis.com\/blog\/wp-content\/uploads\/2010\/09\/IMG_9642-270x360.jpg 270w, http:\/\/karin.stampis.com\/blog\/wp-content\/uploads\/2010\/09\/IMG_9642.jpg 300w\" sizes=\"auto, (max-width: 270px) 100vw, 270px\" \/><\/p>\n<p>P\u00e5v\u00e4g upp till Domen. Inget f\u00f6r de med cellskr\u00e4ck!<\/p>\n<p><img loading=\"lazy\" decoding=\"async\" class=\"aligncenter size-medium wp-image-8457\" title=\"IMG_9648\" src=\"http:\/\/karin.stampis.com\/blog\/wp-content\/uploads\/2010\/09\/IMG_9648-360x270.jpg\" alt=\"\" width=\"360\" height=\"270\" srcset=\"http:\/\/karin.stampis.com\/blog\/wp-content\/uploads\/2010\/09\/IMG_9648-360x270.jpg 360w, http:\/\/karin.stampis.com\/blog\/wp-content\/uploads\/2010\/09\/IMG_9648.jpg 400w\" sizes=\"auto, (max-width: 360px) 100vw, 360px\" \/><\/p>\n<p><img loading=\"lazy\" decoding=\"async\" class=\"aligncenter size-medium wp-image-8460\" title=\"IMG_9670\" src=\"http:\/\/karin.stampis.com\/blog\/wp-content\/uploads\/2010\/09\/IMG_9670-270x360.jpg\" alt=\"\" width=\"270\" height=\"360\" srcset=\"http:\/\/karin.stampis.com\/blog\/wp-content\/uploads\/2010\/09\/IMG_9670-270x360.jpg 270w, http:\/\/karin.stampis.com\/blog\/wp-content\/uploads\/2010\/09\/IMG_9670.jpg 300w\" sizes=\"auto, (max-width: 270px) 100vw, 270px\" \/><\/p>\n<p><img loading=\"lazy\" decoding=\"async\" class=\"aligncenter size-medium wp-image-8456\" title=\"IMG_9647\" src=\"http:\/\/karin.stampis.com\/blog\/wp-content\/uploads\/2010\/09\/IMG_9647-270x360.jpg\" alt=\"\" width=\"270\" height=\"360\" srcset=\"http:\/\/karin.stampis.com\/blog\/wp-content\/uploads\/2010\/09\/IMG_9647-270x360.jpg 270w, http:\/\/karin.stampis.com\/blog\/wp-content\/uploads\/2010\/09\/IMG_9647.jpg 300w\" sizes=\"auto, (max-width: 270px) 100vw, 270px\" \/>Men man bel\u00f6nades med en fin utsikt!<\/p>\n<p><img loading=\"lazy\" decoding=\"async\" class=\"aligncenter size-medium wp-image-8458\" title=\"IMG_9655\" src=\"http:\/\/karin.stampis.com\/blog\/wp-content\/uploads\/2010\/09\/IMG_9655-360x270.jpg\" alt=\"\" width=\"360\" height=\"270\" srcset=\"http:\/\/karin.stampis.com\/blog\/wp-content\/uploads\/2010\/09\/IMG_9655-360x270.jpg 360w, http:\/\/karin.stampis.com\/blog\/wp-content\/uploads\/2010\/09\/IMG_9655.jpg 400w\" sizes=\"auto, (max-width: 360px) 100vw, 360px\" \/>F\u00f6r att komma in i kyrkan \u00e4r det strikt kl\u00e4dkod &#8211; var en del som blev nekade att komma in.<\/p>\n<p><img loading=\"lazy\" decoding=\"async\" class=\"aligncenter size-medium wp-image-8454\" title=\"IMG_9633\" src=\"http:\/\/karin.stampis.com\/blog\/wp-content\/uploads\/2010\/09\/IMG_9633-270x360.jpg\" alt=\"\" width=\"270\" height=\"360\" srcset=\"http:\/\/karin.stampis.com\/blog\/wp-content\/uploads\/2010\/09\/IMG_9633-270x360.jpg 270w, http:\/\/karin.stampis.com\/blog\/wp-content\/uploads\/2010\/09\/IMG_9633.jpg 300w\" sizes=\"auto, (max-width: 270px) 100vw, 270px\" \/><\/p>\n<p>I Vatikanmuseerna<\/p>\n<p><img loading=\"lazy\" decoding=\"async\" class=\"aligncenter size-medium wp-image-8461\" title=\"IMG_9675\" src=\"http:\/\/karin.stampis.com\/blog\/wp-content\/uploads\/2010\/09\/IMG_9675-360x270.jpg\" alt=\"\" width=\"360\" height=\"270\" srcset=\"http:\/\/karin.stampis.com\/blog\/wp-content\/uploads\/2010\/09\/IMG_9675-360x270.jpg 360w, http:\/\/karin.stampis.com\/blog\/wp-content\/uploads\/2010\/09\/IMG_9675.jpg 400w\" sizes=\"auto, (max-width: 360px) 100vw, 360px\" \/><\/p>\n<p>Tak i ett av Vatikanmuseerna<\/p>\n<p><img loading=\"lazy\" decoding=\"async\" class=\"aligncenter size-medium wp-image-8462\" title=\"IMG_9677\" src=\"http:\/\/karin.stampis.com\/blog\/wp-content\/uploads\/2010\/09\/IMG_9677-360x270.jpg\" alt=\"\" width=\"360\" height=\"270\" srcset=\"http:\/\/karin.stampis.com\/blog\/wp-content\/uploads\/2010\/09\/IMG_9677-360x270.jpg 360w, http:\/\/karin.stampis.com\/blog\/wp-content\/uploads\/2010\/09\/IMG_9677.jpg 400w\" sizes=\"auto, (max-width: 360px) 100vw, 360px\" \/>Det var f\u00f6rbjudet att fotografera i Sixtinska kapellet, eftersom ett japanskt f\u00f6retag \u00e4gde r\u00e4ttigheterna till detta. Men jag fick syn p\u00e5 de k\u00e4nda m\u00e5lningarna d\u00e4r, bl.a. Skapelsen.<\/p>\n<p><img loading=\"lazy\" decoding=\"async\" class=\"aligncenter size-medium wp-image-8463\" title=\"1188225\" src=\"http:\/\/karin.stampis.com\/blog\/wp-content\/uploads\/2010\/09\/1188225-360x207.jpg\" alt=\"\" width=\"360\" height=\"207\" srcset=\"http:\/\/karin.stampis.com\/blog\/wp-content\/uploads\/2010\/09\/1188225-360x207.jpg 360w, http:\/\/karin.stampis.com\/blog\/wp-content\/uploads\/2010\/09\/1188225.jpg 600w\" sizes=\"auto, (max-width: 360px) 100vw, 360px\" \/><\/p>\n","protected":false},"excerpt":{"rendered":"<p>Vatikanen var en upplevelse \u00e4ven f\u00f6r en ateist som jag. S\u00e5 maffigt! Peterskyrkan var gigantisk, utsikten fr\u00e5n domen mycket fin och Vatikanmuseerna fascinerande. Guld och \u00e4delstenar i m\u00e4ngder i Peterskyrkans skattkammare &#8211; den kyrkan m\u00e5ste vara v\u00e4ldigt rik&#8230; Det fanns &hellip; <a href=\"http:\/\/karin.stampis.com\/blog\/?p=8452\">Continue reading <span class=\"meta-nav\">&rarr;<\/span><\/a><\/p>\n","protected":false},"author":1,"featured_media":0,"comment_status":"open","ping_status":"open","sticky":false,"template":"","format":"standard","meta":{"footnotes":""},"categories":[245,145,254,263],"tags":[],"class_list":["post-8452","post","type-post","status-publish","format-standard","hentry","category-245","category-resebloggar","category-rom","category-september-2010"],"_links":{"self":[{"href":"http:\/\/karin.stampis.com\/blog\/index.php?rest_route=\/wp\/v2\/posts\/8452","targetHints":{"allow":["GET"]}}],"collection":[{"href":"http:\/\/karin.stampis.com\/blog\/index.php?rest_route=\/wp\/v2\/posts"}],"about":[{"href":"http:\/\/karin.stampis.com\/blog\/index.php?rest_route=\/wp\/v2\/types\/post"}],"author":[{"embeddable":true,"href":"http:\/\/karin.stampis.com\/blog\/index.php?rest_route=\/wp\/v2\/users\/1"}],"replies":[{"embeddable":true,"href":"http:\/\/karin.stampis.com\/blog\/index.php?rest_route=%2Fwp%2Fv2%2Fcomments&post=8452"}],"version-history":[{"count":5,"href":"http:\/\/karin.stampis.com\/blog\/index.php?rest_route=\/wp\/v2\/posts\/8452\/revisions"}],"predecessor-version":[{"id":8479,"href":"http:\/\/karin.stampis.com\/blog\/index.php?rest_route=\/wp\/v2\/posts\/8452\/revisions\/8479"}],"wp:attachment":[{"href":"http:\/\/karin.stampis.com\/blog\/index.php?rest_route=%2Fwp%2Fv2%2Fmedia&parent=8452"}],"wp:term":[{"taxonomy":"category","embeddable":true,"href":"http:\/\/karin.stampis.com\/blog\/index.php?rest_route=%2Fwp%2Fv2%2Fcategories&post=8452"},{"taxonomy":"post_tag","embeddable":true,"href":"http:\/\/karin.stampis.com\/blog\/index.php?rest_route=%2Fwp%2Fv2%2Ftags&post=8452"}],"curies":[{"name":"wp","href":"https:\/\/api.w.org\/{rel}","templated":true}]}}