{"id":8505,"date":"2010-10-06T00:10:43","date_gmt":"2010-10-05T22:10:43","guid":{"rendered":"http:\/\/karin.stampis.com\/blog\/?p=8505"},"modified":"2010-10-05T18:32:14","modified_gmt":"2010-10-05T16:32:14","slug":"stranderna","status":"publish","type":"post","link":"http:\/\/karin.stampis.com\/blog\/?p=8505","title":{"rendered":"Str\u00e4nderna"},"content":{"rendered":"<p>Beachbilder! Alla str\u00e4nder jag bes\u00f6kte var helt underbara&#8230;<\/p>\n<p>H\u00e4r \u00e4r en strand fr\u00e5n varje \u00f6 jag bes\u00f6kte.<\/p>\n<p>Bodde vid Beau Vallon i Mahe, en 3 km l\u00e5ng stand. Jag gick m\u00e5\u00e5\u00e5\u00e5nga rundor fram och tillbaks p\u00e5 den, mycket promenadv\u00e4nligt. H\u00e4rligt att bada ocks\u00e5, sandbotten och inte alls l\u00e5nggrunt som jag tycker \u00e4r lite tradigt.<\/p>\n<p><img loading=\"lazy\" decoding=\"async\" class=\"aligncenter size-medium wp-image-8567\" title=\"DSC07432\" src=\"http:\/\/karin.stampis.com\/blog\/wp-content\/uploads\/2010\/10\/DSC07432-360x270.jpg\" alt=\"\" width=\"360\" height=\"270\" srcset=\"http:\/\/karin.stampis.com\/blog\/wp-content\/uploads\/2010\/10\/DSC07432-360x270.jpg 360w, http:\/\/karin.stampis.com\/blog\/wp-content\/uploads\/2010\/10\/DSC07432.jpg 400w\" sizes=\"auto, (max-width: 360px) 100vw, 360px\" \/><\/p>\n<p><img loading=\"lazy\" decoding=\"async\" class=\"aligncenter size-medium wp-image-8568\" title=\"DSC07434\" src=\"http:\/\/karin.stampis.com\/blog\/wp-content\/uploads\/2010\/10\/DSC07434-360x270.jpg\" alt=\"\" width=\"360\" height=\"270\" srcset=\"http:\/\/karin.stampis.com\/blog\/wp-content\/uploads\/2010\/10\/DSC07434-360x270.jpg 360w, http:\/\/karin.stampis.com\/blog\/wp-content\/uploads\/2010\/10\/DSC07434.jpg 400w\" sizes=\"auto, (max-width: 360px) 100vw, 360px\" \/><\/p>\n<p><img loading=\"lazy\" decoding=\"async\" class=\"aligncenter size-medium wp-image-8569\" title=\"DSC07435\" src=\"http:\/\/karin.stampis.com\/blog\/wp-content\/uploads\/2010\/10\/DSC07435-360x270.jpg\" alt=\"\" width=\"360\" height=\"270\" srcset=\"http:\/\/karin.stampis.com\/blog\/wp-content\/uploads\/2010\/10\/DSC07435-360x270.jpg 360w, http:\/\/karin.stampis.com\/blog\/wp-content\/uploads\/2010\/10\/DSC07435.jpg 400w\" sizes=\"auto, (max-width: 360px) 100vw, 360px\" \/><\/p>\n<p>\u00d6n Silhuette i bakgrunden.<\/p>\n<p>Bes\u00f6kte \u00e4ven Anse Source d&#8217;Argent p\u00e5 La Digue.<\/p>\n<p><img loading=\"lazy\" decoding=\"async\" class=\"aligncenter size-medium wp-image-8589\" title=\"SEYCHELLES 165\" src=\"http:\/\/karin.stampis.com\/blog\/wp-content\/uploads\/2010\/10\/SEYCHELLES-1651-360x270.jpg\" alt=\"\" width=\"360\" height=\"270\" srcset=\"http:\/\/karin.stampis.com\/blog\/wp-content\/uploads\/2010\/10\/SEYCHELLES-1651-360x270.jpg 360w, http:\/\/karin.stampis.com\/blog\/wp-content\/uploads\/2010\/10\/SEYCHELLES-1651.jpg 400w\" sizes=\"auto, (max-width: 360px) 100vw, 360px\" \/><\/p>\n<p><img loading=\"lazy\" decoding=\"async\" class=\"aligncenter size-medium wp-image-8588\" title=\"SEYCHELLES 164\" src=\"http:\/\/karin.stampis.com\/blog\/wp-content\/uploads\/2010\/10\/SEYCHELLES-164-360x270.jpg\" alt=\"\" width=\"360\" height=\"270\" srcset=\"http:\/\/karin.stampis.com\/blog\/wp-content\/uploads\/2010\/10\/SEYCHELLES-164-360x270.jpg 360w, http:\/\/karin.stampis.com\/blog\/wp-content\/uploads\/2010\/10\/SEYCHELLES-164.jpg 400w\" sizes=\"auto, (max-width: 360px) 100vw, 360px\" \/><\/p>\n<p><img loading=\"lazy\" decoding=\"async\" class=\"aligncenter size-medium wp-image-8587\" title=\"IMG_0132\" src=\"http:\/\/karin.stampis.com\/blog\/wp-content\/uploads\/2010\/10\/IMG_0132-270x360.jpg\" alt=\"\" width=\"270\" height=\"360\" srcset=\"http:\/\/karin.stampis.com\/blog\/wp-content\/uploads\/2010\/10\/IMG_0132-270x360.jpg 270w, http:\/\/karin.stampis.com\/blog\/wp-content\/uploads\/2010\/10\/IMG_0132.jpg 300w\" sizes=\"auto, (max-width: 270px) 100vw, 270px\" \/><\/p>\n<p><img loading=\"lazy\" decoding=\"async\" class=\"aligncenter size-medium wp-image-8585\" title=\"IMG_0111\" src=\"http:\/\/karin.stampis.com\/blog\/wp-content\/uploads\/2010\/10\/IMG_01111-360x270.jpg\" alt=\"\" width=\"360\" height=\"270\" srcset=\"http:\/\/karin.stampis.com\/blog\/wp-content\/uploads\/2010\/10\/IMG_01111-360x270.jpg 360w, http:\/\/karin.stampis.com\/blog\/wp-content\/uploads\/2010\/10\/IMG_01111.jpg 400w\" sizes=\"auto, (max-width: 360px) 100vw, 360px\" \/><\/p>\n<p><img loading=\"lazy\" decoding=\"async\" class=\"aligncenter size-medium wp-image-8584\" title=\"IMG_0114\" src=\"http:\/\/karin.stampis.com\/blog\/wp-content\/uploads\/2010\/10\/IMG_0114-360x270.jpg\" alt=\"\" width=\"360\" height=\"270\" srcset=\"http:\/\/karin.stampis.com\/blog\/wp-content\/uploads\/2010\/10\/IMG_0114-360x270.jpg 360w, http:\/\/karin.stampis.com\/blog\/wp-content\/uploads\/2010\/10\/IMG_0114.jpg 400w\" sizes=\"auto, (max-width: 360px) 100vw, 360px\" \/><\/p>\n<p>Anse Lazio p\u00e5 Praslin var nog min favorit. Vacker strand och perfekt sandbotten.<\/p>\n<p><img loading=\"lazy\" decoding=\"async\" class=\"aligncenter size-medium wp-image-8512\" title=\"P1070670\" src=\"http:\/\/karin.stampis.com\/blog\/wp-content\/uploads\/2010\/10\/P10706701-360x270.jpg\" alt=\"\" width=\"360\" height=\"270\" srcset=\"http:\/\/karin.stampis.com\/blog\/wp-content\/uploads\/2010\/10\/P10706701-360x270.jpg 360w, http:\/\/karin.stampis.com\/blog\/wp-content\/uploads\/2010\/10\/P10706701.jpg 400w\" sizes=\"auto, (max-width: 360px) 100vw, 360px\" \/><\/p>\n<p><img loading=\"lazy\" decoding=\"async\" class=\"aligncenter size-medium wp-image-8514\" title=\"P1070693\" src=\"http:\/\/karin.stampis.com\/blog\/wp-content\/uploads\/2010\/10\/P10706933-360x270.jpg\" alt=\"\" width=\"360\" height=\"270\" srcset=\"http:\/\/karin.stampis.com\/blog\/wp-content\/uploads\/2010\/10\/P10706933-360x270.jpg 360w, http:\/\/karin.stampis.com\/blog\/wp-content\/uploads\/2010\/10\/P10706933.jpg 400w\" sizes=\"auto, (max-width: 360px) 100vw, 360px\" \/><\/p>\n","protected":false},"excerpt":{"rendered":"<p>Beachbilder! Alla str\u00e4nder jag bes\u00f6kte var helt underbara&#8230; H\u00e4r \u00e4r en strand fr\u00e5n varje \u00f6 jag bes\u00f6kte. Bodde vid Beau Vallon i Mahe, en 3 km l\u00e5ng stand. Jag gick m\u00e5\u00e5\u00e5\u00e5nga rundor fram och tillbaks p\u00e5 den, mycket promenadv\u00e4nligt. H\u00e4rligt &hellip; <a href=\"http:\/\/karin.stampis.com\/blog\/?p=8505\">Continue reading <span class=\"meta-nav\">&rarr;<\/span><\/a><\/p>\n","protected":false},"author":1,"featured_media":0,"comment_status":"open","ping_status":"open","sticky":false,"template":"","format":"standard","meta":{"footnotes":""},"categories":[264,145,259],"tags":[],"class_list":["post-8505","post","type-post","status-publish","format-standard","hentry","category-oktober-2010","category-resebloggar","category-seychellerna"],"_links":{"self":[{"href":"http:\/\/karin.stampis.com\/blog\/index.php?rest_route=\/wp\/v2\/posts\/8505","targetHints":{"allow":["GET"]}}],"collection":[{"href":"http:\/\/karin.stampis.com\/blog\/index.php?rest_route=\/wp\/v2\/posts"}],"about":[{"href":"http:\/\/karin.stampis.com\/blog\/index.php?rest_route=\/wp\/v2\/types\/post"}],"author":[{"embeddable":true,"href":"http:\/\/karin.stampis.com\/blog\/index.php?rest_route=\/wp\/v2\/users\/1"}],"replies":[{"embeddable":true,"href":"http:\/\/karin.stampis.com\/blog\/index.php?rest_route=%2Fwp%2Fv2%2Fcomments&post=8505"}],"version-history":[{"count":16,"href":"http:\/\/karin.stampis.com\/blog\/index.php?rest_route=\/wp\/v2\/posts\/8505\/revisions"}],"predecessor-version":[{"id":8582,"href":"http:\/\/karin.stampis.com\/blog\/index.php?rest_route=\/wp\/v2\/posts\/8505\/revisions\/8582"}],"wp:attachment":[{"href":"http:\/\/karin.stampis.com\/blog\/index.php?rest_route=%2Fwp%2Fv2%2Fmedia&parent=8505"}],"wp:term":[{"taxonomy":"category","embeddable":true,"href":"http:\/\/karin.stampis.com\/blog\/index.php?rest_route=%2Fwp%2Fv2%2Fcategories&post=8505"},{"taxonomy":"post_tag","embeddable":true,"href":"http:\/\/karin.stampis.com\/blog\/index.php?rest_route=%2Fwp%2Fv2%2Ftags&post=8505"}],"curies":[{"name":"wp","href":"https:\/\/api.w.org\/{rel}","templated":true}]}}