{"id":857,"date":"2008-12-24T11:05:30","date_gmt":"2008-12-24T09:05:30","guid":{"rendered":"http:\/\/karin.stampis.com\/blog\/?p=857"},"modified":"2008-12-24T11:05:30","modified_gmt":"2008-12-24T09:05:30","slug":"julstamning-2","status":"publish","type":"post","link":"http:\/\/karin.stampis.com\/blog\/?p=857","title":{"rendered":"Julst\u00e4mning!"},"content":{"rendered":"<p>S\u00e5h\u00e4r juligt \u00e4r v\u00e4dret i Malm\u00f6:<\/p>\n<p><a href=\"http:\/\/karin.stampis.com\/blog\/wp-content\/uploads\/2008\/12\/129.jpg\"><img loading=\"lazy\" decoding=\"async\" class=\"aligncenter size-medium wp-image-858\" title=\"129\" src=\"http:\/\/karin.stampis.com\/blog\/wp-content\/uploads\/2008\/12\/129-232x300.jpg\" alt=\"\" width=\"232\" height=\"300\" srcset=\"http:\/\/karin.stampis.com\/blog\/wp-content\/uploads\/2008\/12\/129-232x300.jpg 232w, http:\/\/karin.stampis.com\/blog\/wp-content\/uploads\/2008\/12\/129.jpg 776w\" sizes=\"auto, (max-width: 232px) 100vw, 232px\" \/><\/a><\/p>\n<p>S\u00e5 allts\u00e5, vill man ha julst\u00e4mning f\u00e5r man g\u00f6ra n\u00e5got \u00e5t det sj\u00e4lv&#8230;<\/p>\n<p>Men nu har vi f\u00e5tt upp julprydnader, gran och spelar julmusik s\u00e5 nog k\u00e4nns h\u00e4r juligt \u00e4nd\u00e5, man beh\u00f6ver ju inte titta ut!<\/p>\n<p><a href=\"http:\/\/karin.stampis.com\/blog\/wp-content\/uploads\/2008\/12\/144.jpg\"><img loading=\"lazy\" decoding=\"async\" class=\"aligncenter size-medium wp-image-859\" title=\"144\" src=\"http:\/\/karin.stampis.com\/blog\/wp-content\/uploads\/2008\/12\/144-186x300.jpg\" alt=\"\" width=\"186\" height=\"300\" srcset=\"http:\/\/karin.stampis.com\/blog\/wp-content\/uploads\/2008\/12\/144-186x300.jpg 186w, http:\/\/karin.stampis.com\/blog\/wp-content\/uploads\/2008\/12\/144.jpg 621w\" sizes=\"auto, (max-width: 186px) 100vw, 186px\" \/><\/a><\/p>\n<p>The Gran!!<\/p>\n<p>Ooops, jag inser att stj\u00e4rnan har halkat lite snettt, och jag erk\u00e4nner att jag varken lagt ner en f\u00f6rm\u00f6genhet p\u00e5 julgransprydnader eller lagt ner min kreativa sj\u00e4l i pyntandet, men det \u00e4r en julst\u00e4mnings-julgran \ud83d\ude09 !<\/p>\n<p>Nu ska jag \u00f6ka julst\u00e4mningen ytterligare d\u00e5 jag ska b\u00f6rja med julmaten \ud83d\ude42 .<\/p>\n","protected":false},"excerpt":{"rendered":"<p>S\u00e5h\u00e4r juligt \u00e4r v\u00e4dret i Malm\u00f6: S\u00e5 allts\u00e5, vill man ha julst\u00e4mning f\u00e5r man g\u00f6ra n\u00e5got \u00e5t det sj\u00e4lv&#8230; Men nu har vi f\u00e5tt upp julprydnader, gran och spelar julmusik s\u00e5 nog k\u00e4nns h\u00e4r juligt \u00e4nd\u00e5, man beh\u00f6ver ju inte &hellip; <a href=\"http:\/\/karin.stampis.com\/blog\/?p=857\">Continue reading <span class=\"meta-nav\">&rarr;<\/span><\/a><\/p>\n","protected":false},"author":1,"featured_media":0,"comment_status":"open","ping_status":"open","sticky":false,"template":"","format":"standard","meta":{"footnotes":""},"categories":[95],"tags":[99],"class_list":["post-857","post","type-post","status-publish","format-standard","hentry","category-december-2008","tag-jul"],"_links":{"self":[{"href":"http:\/\/karin.stampis.com\/blog\/index.php?rest_route=\/wp\/v2\/posts\/857","targetHints":{"allow":["GET"]}}],"collection":[{"href":"http:\/\/karin.stampis.com\/blog\/index.php?rest_route=\/wp\/v2\/posts"}],"about":[{"href":"http:\/\/karin.stampis.com\/blog\/index.php?rest_route=\/wp\/v2\/types\/post"}],"author":[{"embeddable":true,"href":"http:\/\/karin.stampis.com\/blog\/index.php?rest_route=\/wp\/v2\/users\/1"}],"replies":[{"embeddable":true,"href":"http:\/\/karin.stampis.com\/blog\/index.php?rest_route=%2Fwp%2Fv2%2Fcomments&post=857"}],"version-history":[{"count":1,"href":"http:\/\/karin.stampis.com\/blog\/index.php?rest_route=\/wp\/v2\/posts\/857\/revisions"}],"predecessor-version":[{"id":860,"href":"http:\/\/karin.stampis.com\/blog\/index.php?rest_route=\/wp\/v2\/posts\/857\/revisions\/860"}],"wp:attachment":[{"href":"http:\/\/karin.stampis.com\/blog\/index.php?rest_route=%2Fwp%2Fv2%2Fmedia&parent=857"}],"wp:term":[{"taxonomy":"category","embeddable":true,"href":"http:\/\/karin.stampis.com\/blog\/index.php?rest_route=%2Fwp%2Fv2%2Fcategories&post=857"},{"taxonomy":"post_tag","embeddable":true,"href":"http:\/\/karin.stampis.com\/blog\/index.php?rest_route=%2Fwp%2Fv2%2Ftags&post=857"}],"curies":[{"name":"wp","href":"https:\/\/api.w.org\/{rel}","templated":true}]}}