{"id":8630,"date":"2010-10-11T20:22:29","date_gmt":"2010-10-11T18:22:29","guid":{"rendered":"http:\/\/karin.stampis.com\/blog\/?p=8630"},"modified":"2010-10-11T20:27:26","modified_gmt":"2010-10-11T18:27:26","slug":"hostigt","status":"publish","type":"post","link":"http:\/\/karin.stampis.com\/blog\/?p=8630","title":{"rendered":"H\u00f6stigt"},"content":{"rendered":"<p>H\u00f6stig och dimmig morgon p\u00e5 landet.<\/p>\n<p><img loading=\"lazy\" decoding=\"async\" class=\"aligncenter size-medium wp-image-8631\" title=\"IMG_6514\" src=\"http:\/\/karin.stampis.com\/blog\/wp-content\/uploads\/2010\/10\/IMG_6514-360x270.jpg\" alt=\"\" width=\"360\" height=\"270\" srcset=\"http:\/\/karin.stampis.com\/blog\/wp-content\/uploads\/2010\/10\/IMG_6514-360x270.jpg 360w, http:\/\/karin.stampis.com\/blog\/wp-content\/uploads\/2010\/10\/IMG_6514.jpg 400w\" sizes=\"auto, (max-width: 360px) 100vw, 360px\" \/>R\u00e4tt s\u00e5 mysigt tycker jag! K\u00e4nner inget vemod alls efter den svunna sommaren. Det kan ju iofs delvis bero p\u00e5 a) att jag bes\u00f6kt sommaren under totalt 2 veckor den senaste m\u00e5naden eller b) att jag bara vill att det ska bli mitten av november snart&#8230;<\/p>\n<p>Men visst, jag tycker om k\u00e4nslan av h\u00f6st &#8211; inte bara f\u00f6r att jag \u00e4r f\u00f6dd p\u00e5 h\u00f6sten, utan \u00e4ven f\u00f6r att jag \u00e4r mer h\u00f6st \u00e4n sommar som person. Fast egentligen gillar jag alla \u00e5rstider, f\u00f6rutom d\u00e5 de \u00e4r i sin mest extrema form.<\/p>\n<p>Har \u00e4ven precis bokat in ett snabb-bes\u00f6k till vintern i december, s\u00e5 om det inte skulle bli n\u00e5gon vinter h\u00e4rhemma s\u00e5 b\u00f6r vi rimligen lite vinter under denna decemberhelg. Ska bli skoj &#8211; vid 30 \u00e5rs \u00e5lder kommer jag slutligen bes\u00f6ka en skidsemesterort (under vintertid). Dock inte f\u00f6r att \u00e5ka skidor &#8211; det r\u00e4cker bra f\u00f6r mig att vandra runt och dricka j\u00e4gertee \ud83d\ude09 . Men kanske inte samtidigt.<\/p>\n","protected":false},"excerpt":{"rendered":"<p>H\u00f6stig och dimmig morgon p\u00e5 landet. R\u00e4tt s\u00e5 mysigt tycker jag! K\u00e4nner inget vemod alls efter den svunna sommaren. Det kan ju iofs delvis bero p\u00e5 a) att jag bes\u00f6kt sommaren under totalt 2 veckor den senaste m\u00e5naden eller b) &hellip; <a href=\"http:\/\/karin.stampis.com\/blog\/?p=8630\">Continue reading <span class=\"meta-nav\">&rarr;<\/span><\/a><\/p>\n","protected":false},"author":1,"featured_media":0,"comment_status":"open","ping_status":"open","sticky":false,"template":"","format":"standard","meta":{"footnotes":""},"categories":[245,264],"tags":[],"class_list":["post-8630","post","type-post","status-publish","format-standard","hentry","category-245","category-oktober-2010"],"_links":{"self":[{"href":"http:\/\/karin.stampis.com\/blog\/index.php?rest_route=\/wp\/v2\/posts\/8630","targetHints":{"allow":["GET"]}}],"collection":[{"href":"http:\/\/karin.stampis.com\/blog\/index.php?rest_route=\/wp\/v2\/posts"}],"about":[{"href":"http:\/\/karin.stampis.com\/blog\/index.php?rest_route=\/wp\/v2\/types\/post"}],"author":[{"embeddable":true,"href":"http:\/\/karin.stampis.com\/blog\/index.php?rest_route=\/wp\/v2\/users\/1"}],"replies":[{"embeddable":true,"href":"http:\/\/karin.stampis.com\/blog\/index.php?rest_route=%2Fwp%2Fv2%2Fcomments&post=8630"}],"version-history":[{"count":8,"href":"http:\/\/karin.stampis.com\/blog\/index.php?rest_route=\/wp\/v2\/posts\/8630\/revisions"}],"predecessor-version":[{"id":8638,"href":"http:\/\/karin.stampis.com\/blog\/index.php?rest_route=\/wp\/v2\/posts\/8630\/revisions\/8638"}],"wp:attachment":[{"href":"http:\/\/karin.stampis.com\/blog\/index.php?rest_route=%2Fwp%2Fv2%2Fmedia&parent=8630"}],"wp:term":[{"taxonomy":"category","embeddable":true,"href":"http:\/\/karin.stampis.com\/blog\/index.php?rest_route=%2Fwp%2Fv2%2Fcategories&post=8630"},{"taxonomy":"post_tag","embeddable":true,"href":"http:\/\/karin.stampis.com\/blog\/index.php?rest_route=%2Fwp%2Fv2%2Ftags&post=8630"}],"curies":[{"name":"wp","href":"https:\/\/api.w.org\/{rel}","templated":true}]}}