{"id":8746,"date":"2010-11-01T18:30:48","date_gmt":"2010-11-01T16:30:48","guid":{"rendered":"http:\/\/karin.stampis.com\/blog\/?p=8746"},"modified":"2010-11-01T18:35:21","modified_gmt":"2010-11-01T16:35:21","slug":"borjar-fa-det-fardigfixat","status":"publish","type":"post","link":"http:\/\/karin.stampis.com\/blog\/?p=8746","title":{"rendered":"B\u00f6rjar f\u00e5 det f\u00e4rdigfixat"},"content":{"rendered":"<p>Har varit mycket att g\u00f6ra och fixa de senaste m\u00e5naderna, men nu k\u00e4nns det som r\u00e4tt mycket b\u00f6rjar falla p\u00e5 plats. Avhandlingen har ju varit klar ett tag, och idag hade jag s.k. spikning av avhandlingen d\u00e5 man spikar upp den p\u00e5 en br\u00e4da som vi har p\u00e5 labbet, f\u00f6ljt av fika-bjudande till labbet och kliniken. Tackar min mycket sn\u00e4lla mamma f\u00f6r hj\u00e4lp med att g\u00f6ra ett stort antal \u00e4ppelpajer &#8211; de blev mycket uppskattade \ud83d\ude42 .<\/p>\n<p>En annan sak som \u00e4r avklarad idag \u00e4r den sista reserv-osa dagen f\u00f6r disputationsfesten, s\u00e5 nu r\u00e4knar jag med att de av kollegorna som inte svarat inte kommer, s\u00e5 nu f\u00e5r det vara sluttjatat om det. Men har blivit lite galen \u00f6ver att en hel del inte l\u00e4mnar osa alls\u00a0 &#8211; osa betyder ju att man ska svara om man kommer eller ej&#8230; Men men, nu vet jag vilka som kommer, bordsplaceringen \u00e4r hyggligt klar, catering fixad, och jag har planerat vad jag kan f\u00f6r nu f\u00f6r festen, s\u00e5 det k\u00e4nns det som om festplaneringen kommit r\u00e4tt l\u00e5ngt ocks\u00e5 \ud83d\ude42 . Och i helgen hann jag planera en hel del f\u00f6r v\u00e5r Budapestresa. Ah, jag \u00e4lskar k\u00e4nslan av att saker b\u00f6rjar bli f\u00e4rdigfixade \ud83d\ude00 . Lite kvar men snart &#8220;bara&#8221;sj\u00e4lva disputationdagen kvar \ud83d\ude09 &#8211; och snart bara ett ensiffrigt antal dagar kvar till denna dag. K\u00e4nns supersk\u00f6nt och l\u00e4skigt p\u00e5 samma g\u00e5ng.<\/p>\n<p><img loading=\"lazy\" decoding=\"async\" class=\"aligncenter size-medium wp-image-8747\" title=\"paj\" src=\"http:\/\/karin.stampis.com\/blog\/wp-content\/uploads\/2010\/11\/paj-360x332.jpg\" alt=\"\" width=\"360\" height=\"332\" srcset=\"http:\/\/karin.stampis.com\/blog\/wp-content\/uploads\/2010\/11\/paj-360x332.jpg 360w, http:\/\/karin.stampis.com\/blog\/wp-content\/uploads\/2010\/11\/paj.jpg 400w\" sizes=\"auto, (max-width: 360px) 100vw, 360px\" \/>En \u00e4ppelpaj, dock inte dagens (utan fr\u00e5n v\u00e5r cykelsemester 2009)<\/p>\n","protected":false},"excerpt":{"rendered":"<p>Har varit mycket att g\u00f6ra och fixa de senaste m\u00e5naderna, men nu k\u00e4nns det som r\u00e4tt mycket b\u00f6rjar falla p\u00e5 plats. Avhandlingen har ju varit klar ett tag, och idag hade jag s.k. spikning av avhandlingen d\u00e5 man spikar upp &hellip; <a href=\"http:\/\/karin.stampis.com\/blog\/?p=8746\">Continue reading <span class=\"meta-nav\">&rarr;<\/span><\/a><\/p>\n","protected":false},"author":1,"featured_media":0,"comment_status":"open","ping_status":"open","sticky":false,"template":"","format":"standard","meta":{"footnotes":""},"categories":[245,265],"tags":[],"class_list":["post-8746","post","type-post","status-publish","format-standard","hentry","category-245","category-november-2010"],"_links":{"self":[{"href":"http:\/\/karin.stampis.com\/blog\/index.php?rest_route=\/wp\/v2\/posts\/8746","targetHints":{"allow":["GET"]}}],"collection":[{"href":"http:\/\/karin.stampis.com\/blog\/index.php?rest_route=\/wp\/v2\/posts"}],"about":[{"href":"http:\/\/karin.stampis.com\/blog\/index.php?rest_route=\/wp\/v2\/types\/post"}],"author":[{"embeddable":true,"href":"http:\/\/karin.stampis.com\/blog\/index.php?rest_route=\/wp\/v2\/users\/1"}],"replies":[{"embeddable":true,"href":"http:\/\/karin.stampis.com\/blog\/index.php?rest_route=%2Fwp%2Fv2%2Fcomments&post=8746"}],"version-history":[{"count":11,"href":"http:\/\/karin.stampis.com\/blog\/index.php?rest_route=\/wp\/v2\/posts\/8746\/revisions"}],"predecessor-version":[{"id":8756,"href":"http:\/\/karin.stampis.com\/blog\/index.php?rest_route=\/wp\/v2\/posts\/8746\/revisions\/8756"}],"wp:attachment":[{"href":"http:\/\/karin.stampis.com\/blog\/index.php?rest_route=%2Fwp%2Fv2%2Fmedia&parent=8746"}],"wp:term":[{"taxonomy":"category","embeddable":true,"href":"http:\/\/karin.stampis.com\/blog\/index.php?rest_route=%2Fwp%2Fv2%2Fcategories&post=8746"},{"taxonomy":"post_tag","embeddable":true,"href":"http:\/\/karin.stampis.com\/blog\/index.php?rest_route=%2Fwp%2Fv2%2Ftags&post=8746"}],"curies":[{"name":"wp","href":"https:\/\/api.w.org\/{rel}","templated":true}]}}