{"id":8764,"date":"2010-11-05T19:53:14","date_gmt":"2010-11-05T17:53:14","guid":{"rendered":"http:\/\/karin.stampis.com\/blog\/?p=8764"},"modified":"2010-11-06T18:33:38","modified_gmt":"2010-11-06T16:33:38","slug":"en-vecka-kvar","status":"publish","type":"post","link":"http:\/\/karin.stampis.com\/blog\/?p=8764","title":{"rendered":"En vecka kvar"},"content":{"rendered":"<p>S\u00e5 \u00e4r det bara en vecka kvar dagen som innan, d\u00e5 jag b\u00f6rjade f\u00f6r snart 4 \u00e5r sen, k\u00e4ndes v\u00e4\u00e4\u00e4\u00e4ldigt avl\u00e4gsen. F\u00f6r fyra \u00e5r sen k\u00e4ndes det helt ot\u00e4nkbart att jag skulle kunna st\u00e5 framme i en sal i 2-3 timmar och inf\u00f6r kollegor, sl\u00e4kt och v\u00e4nner svara p\u00e5 en massa ing\u00e5ende fr\u00e5gor om det man har jobbat med de senaste 4 \u00e5ren. Men nu k\u00e4nns det helt ok, om \u00e4n nerv\u00f6st, s\u00e5 nog har man utvecklats under dessa \u00e5r \ud83d\ude09 , \u00e4ven om jag nog aldrig kommer bli den som verkligen \u00e4lskar att h\u00e5lla f\u00f6redrag. Men jag \u00e4r tacksam att jag har f\u00e5tt m\u00e5nga tillf\u00e4llen att \u00f6va s\u00e5 att det nu faktiskt \u00e4nd\u00e5 k\u00e4nns helt ok att h\u00e5lla f\u00f6redrag och svara p\u00e5 fr\u00e5gor nuf\u00f6rtiden. Jag ser verkligen fram emot dagen, \u00e4ven om det \u00e4r med en skr\u00e4ckblandad f\u00f6rtjusning. K\u00e4nner mig\u00a0 ganska lugn nu, men d\u00e5 det v\u00e4l \u00e4r dags kommer nog \u00e4nd\u00e5 nerverna vara utanf\u00f6r kroppen :p .<\/p>\n<p><img decoding=\"async\" src=\"file:\/\/\/C:\/Users\/karin\/AppData\/Local\/Temp\/moz-screenshot-6.png\" alt=\"\" \/><img loading=\"lazy\" decoding=\"async\" class=\"aligncenter size-full wp-image-8765\" title=\"doktorshatt_medicin_2_small\" src=\"http:\/\/karin.stampis.com\/blog\/wp-content\/uploads\/2010\/11\/doktorshatt_medicin_2_small.jpg\" alt=\"\" width=\"120\" height=\"95\" \/><\/p>\n<p>Min snart hoppas jag \ud83d\ude42 . Eller ja, bokstavligt talat iaf, t\u00e4nker inte l\u00e4gga ut 5-6000 sp\u00e4nn p\u00e5 en hatt, s\u00e5 jag hoppas att jag kan l\u00e5na professorns hatt till promoveringen i juni.<\/p>\n","protected":false},"excerpt":{"rendered":"<p>S\u00e5 \u00e4r det bara en vecka kvar dagen som innan, d\u00e5 jag b\u00f6rjade f\u00f6r snart 4 \u00e5r sen, k\u00e4ndes v\u00e4\u00e4\u00e4\u00e4ldigt avl\u00e4gsen. F\u00f6r fyra \u00e5r sen k\u00e4ndes det helt ot\u00e4nkbart att jag skulle kunna st\u00e5 framme i en sal i 2-3 &hellip; <a href=\"http:\/\/karin.stampis.com\/blog\/?p=8764\">Continue reading <span class=\"meta-nav\">&rarr;<\/span><\/a><\/p>\n","protected":false},"author":1,"featured_media":0,"comment_status":"open","ping_status":"open","sticky":false,"template":"","format":"standard","meta":{"footnotes":""},"categories":[245,265],"tags":[114],"class_list":["post-8764","post","type-post","status-publish","format-standard","hentry","category-245","category-november-2010","tag-jobb"],"_links":{"self":[{"href":"http:\/\/karin.stampis.com\/blog\/index.php?rest_route=\/wp\/v2\/posts\/8764","targetHints":{"allow":["GET"]}}],"collection":[{"href":"http:\/\/karin.stampis.com\/blog\/index.php?rest_route=\/wp\/v2\/posts"}],"about":[{"href":"http:\/\/karin.stampis.com\/blog\/index.php?rest_route=\/wp\/v2\/types\/post"}],"author":[{"embeddable":true,"href":"http:\/\/karin.stampis.com\/blog\/index.php?rest_route=\/wp\/v2\/users\/1"}],"replies":[{"embeddable":true,"href":"http:\/\/karin.stampis.com\/blog\/index.php?rest_route=%2Fwp%2Fv2%2Fcomments&post=8764"}],"version-history":[{"count":5,"href":"http:\/\/karin.stampis.com\/blog\/index.php?rest_route=\/wp\/v2\/posts\/8764\/revisions"}],"predecessor-version":[{"id":8769,"href":"http:\/\/karin.stampis.com\/blog\/index.php?rest_route=\/wp\/v2\/posts\/8764\/revisions\/8769"}],"wp:attachment":[{"href":"http:\/\/karin.stampis.com\/blog\/index.php?rest_route=%2Fwp%2Fv2%2Fmedia&parent=8764"}],"wp:term":[{"taxonomy":"category","embeddable":true,"href":"http:\/\/karin.stampis.com\/blog\/index.php?rest_route=%2Fwp%2Fv2%2Fcategories&post=8764"},{"taxonomy":"post_tag","embeddable":true,"href":"http:\/\/karin.stampis.com\/blog\/index.php?rest_route=%2Fwp%2Fv2%2Ftags&post=8764"}],"curies":[{"name":"wp","href":"https:\/\/api.w.org\/{rel}","templated":true}]}}