{"id":889,"date":"2008-12-26T12:02:36","date_gmt":"2008-12-26T10:02:36","guid":{"rendered":"http:\/\/karin.stampis.com\/blog\/?p=889"},"modified":"2008-12-26T12:02:36","modified_gmt":"2008-12-26T10:02:36","slug":"att-man-aldrig-lar-sig","status":"publish","type":"post","link":"http:\/\/karin.stampis.com\/blog\/?p=889","title":{"rendered":"Att man aldrig l\u00e4r sig&#8230;"},"content":{"rendered":"<p>Ig\u00e5r satt alla h\u00e4r och drack kaffe p\u00e5 kv\u00e4llen. Eftersom det luktade s\u00e5 gott (hemmamalet lyxkaffe,mmmm!) t\u00e4nkte jag att jag kunde ta lite \u00e4nd\u00e5, trots att klockan var r\u00e4tt mycket och trots att jag, efter varje koffein-inducerad s\u00f6mnl\u00f6s natt, sagt att jag absolut inte ska dricka kaffe efter 18.00. Och \u00e4ter man s\u00f6tsaker till \u00e4r ju kaffe extra gott! S\u00e5 d\u00e5 blev det mycket kaffe&#8230;<\/p>\n<p>Och, inte s\u00e5 ov\u00e4ntat, s\u00e5 l\u00e5g jag ocks\u00e5 vaken m\u00e5nga timmar efter midnatt&#8230; Nu var det ju lyckligtvis inte jobb dagen efter, s\u00e5 det gav inte s\u00e5 stora problem d\u00e5 jag kunde sova ut till halv 10 (l\u00e4nge f\u00f6r att vara mig).<\/p>\n<p>Men om man ser mig helt zombiefierad p\u00e5 jobbet n\u00e5gon dag beror det antagligen p\u00e5 att jag haft alldeles f\u00f6r d\u00e5lig sj\u00e4lvbeh\u00e4rskning d\u00e5 det g\u00e4ller kv\u00e4llskaffet (vilket Jimmy glatt brukar g\u00f6ra en hel kanna av p\u00e5 kv\u00e4llarna, vilket ju g\u00f6r att man blir frestad&#8230;).<\/p>\n<p>Men men, snart b\u00f6rjar &#8220;Det stora rycket 2009&#8221; vilket ocks\u00e5 innefattar sj\u00e4lvdisciplin! (\u00e4rligt talat, tror jag egentligen sj\u00e4lv p\u00e5 allt jag skriver om &#8220;Det stora rycket 2009&#8221;??? Hade varit h\u00e4rligt om jag ens levde upp till h\u00e4lften av allt jag pladdrat p\u00e5 om :-p )<\/p>\n<p><a href=\"http:\/\/karin.stampis.com\/blog\/wp-content\/uploads\/2008\/12\/caffeine.jpg\"><img loading=\"lazy\" decoding=\"async\" class=\"aligncenter size-medium wp-image-890\" title=\"caffeine\" src=\"http:\/\/karin.stampis.com\/blog\/wp-content\/uploads\/2008\/12\/caffeine-215x300.jpg\" alt=\"\" width=\"215\" height=\"300\" srcset=\"http:\/\/karin.stampis.com\/blog\/wp-content\/uploads\/2008\/12\/caffeine-215x300.jpg 215w, http:\/\/karin.stampis.com\/blog\/wp-content\/uploads\/2008\/12\/caffeine.jpg 400w\" sizes=\"auto, (max-width: 215px) 100vw, 215px\" \/><\/a><\/p>\n","protected":false},"excerpt":{"rendered":"<p>Ig\u00e5r satt alla h\u00e4r och drack kaffe p\u00e5 kv\u00e4llen. Eftersom det luktade s\u00e5 gott (hemmamalet lyxkaffe,mmmm!) t\u00e4nkte jag att jag kunde ta lite \u00e4nd\u00e5, trots att klockan var r\u00e4tt mycket och trots att jag, efter varje koffein-inducerad s\u00f6mnl\u00f6s natt, sagt &hellip; <a href=\"http:\/\/karin.stampis.com\/blog\/?p=889\">Continue reading <span class=\"meta-nav\">&rarr;<\/span><\/a><\/p>\n","protected":false},"author":1,"featured_media":0,"comment_status":"open","ping_status":"open","sticky":false,"template":"","format":"standard","meta":{"footnotes":""},"categories":[95],"tags":[33],"class_list":["post-889","post","type-post","status-publish","format-standard","hentry","category-december-2008","tag-kaffe"],"_links":{"self":[{"href":"http:\/\/karin.stampis.com\/blog\/index.php?rest_route=\/wp\/v2\/posts\/889","targetHints":{"allow":["GET"]}}],"collection":[{"href":"http:\/\/karin.stampis.com\/blog\/index.php?rest_route=\/wp\/v2\/posts"}],"about":[{"href":"http:\/\/karin.stampis.com\/blog\/index.php?rest_route=\/wp\/v2\/types\/post"}],"author":[{"embeddable":true,"href":"http:\/\/karin.stampis.com\/blog\/index.php?rest_route=\/wp\/v2\/users\/1"}],"replies":[{"embeddable":true,"href":"http:\/\/karin.stampis.com\/blog\/index.php?rest_route=%2Fwp%2Fv2%2Fcomments&post=889"}],"version-history":[{"count":2,"href":"http:\/\/karin.stampis.com\/blog\/index.php?rest_route=\/wp\/v2\/posts\/889\/revisions"}],"predecessor-version":[{"id":892,"href":"http:\/\/karin.stampis.com\/blog\/index.php?rest_route=\/wp\/v2\/posts\/889\/revisions\/892"}],"wp:attachment":[{"href":"http:\/\/karin.stampis.com\/blog\/index.php?rest_route=%2Fwp%2Fv2%2Fmedia&parent=889"}],"wp:term":[{"taxonomy":"category","embeddable":true,"href":"http:\/\/karin.stampis.com\/blog\/index.php?rest_route=%2Fwp%2Fv2%2Fcategories&post=889"},{"taxonomy":"post_tag","embeddable":true,"href":"http:\/\/karin.stampis.com\/blog\/index.php?rest_route=%2Fwp%2Fv2%2Ftags&post=889"}],"curies":[{"name":"wp","href":"https:\/\/api.w.org\/{rel}","templated":true}]}}