{"id":899,"date":"2008-12-27T11:43:31","date_gmt":"2008-12-27T09:43:31","guid":{"rendered":"http:\/\/karin.stampis.com\/blog\/?p=899"},"modified":"2009-01-11T20:51:31","modified_gmt":"2009-01-11T18:51:31","slug":"dimmigt","status":"publish","type":"post","link":"http:\/\/karin.stampis.com\/blog\/?p=899","title":{"rendered":"Dimmigt.."},"content":{"rendered":"<p>Ig\u00e5r var vi ute och gick i ett mycket dimmigt Malm\u00f6.<\/p>\n<p style=\"text-align: center;\"><a href=\"http:\/\/karin.stampis.com\/blog\/wp-content\/uploads\/2008\/12\/jul220.jpg\"><img loading=\"lazy\" decoding=\"async\" class=\"aligncenter size-medium wp-image-897\" src=\"http:\/\/karin.stampis.com\/blog\/wp-content\/uploads\/2008\/12\/julmys-220-300x168.jpg\" alt=\"\" width=\"360\" height=\"200\" \/><\/a><\/p>\n<p>Vad kan detta ovan vara?<\/p>\n<p style=\"text-align: center;\"><a href=\"http:\/\/karin.stampis.com\/blog\/wp-content\/uploads\/2008\/12\/235.jpg\"><img loading=\"lazy\" decoding=\"async\" class=\"aligncenter size-medium wp-image-898\" title=\"235\" src=\"http:\/\/karin.stampis.com\/blog\/wp-content\/uploads\/2008\/12\/julmys-235-300x168.jpg\" alt=\"\" width=\"360\" height=\"200\" \/><\/a><\/p>\n<p>R\u00e4tt svar: Kallbadhuset<\/p>\n<p style=\"text-align: center;\"><a href=\"http:\/\/karin.stampis.com\/blog\/wp-content\/uploads\/2008\/12\/236.jpg\"><img loading=\"lazy\" decoding=\"async\" class=\"aligncenter size-medium wp-image-900\" title=\"236\" src=\"http:\/\/karin.stampis.com\/blog\/wp-content\/uploads\/2008\/12\/236-300x151.jpg\" alt=\"\" width=\"360\" height=\"200\" \/><\/a><\/p>\n<p>Stranden sedd fr\u00e5n Kallbadhuset. P\u00e4ronen hade t\u00e4nkt titta p\u00e5 K\u00f6penhamn och bron ifr\u00e5n Ribban, men det fick vi snabbt ge upp :-p .<\/p>\n<p style=\"text-align: center;\"><a href=\"http:\/\/karin.stampis.com\/blog\/wp-content\/uploads\/2008\/12\/241.jpg\"><img loading=\"lazy\" decoding=\"async\" class=\"aligncenter size-medium wp-image-901\" title=\"241\" src=\"http:\/\/karin.stampis.com\/blog\/wp-content\/uploads\/2008\/12\/241-300x170.jpg\" alt=\"\" width=\"360\" height=\"200\" \/><\/a><\/p>\n<p>Fast det \u00e4r r\u00e4tt mysigt med dimma!<\/p>\n","protected":false},"excerpt":{"rendered":"<p>Ig\u00e5r var vi ute och gick i ett mycket dimmigt Malm\u00f6. Vad kan detta ovan vara? R\u00e4tt svar: Kallbadhuset Stranden sedd fr\u00e5n Kallbadhuset. P\u00e4ronen hade t\u00e4nkt titta p\u00e5 K\u00f6penhamn och bron ifr\u00e5n Ribban, men det fick vi snabbt ge upp &hellip; <a href=\"http:\/\/karin.stampis.com\/blog\/?p=899\">Continue reading <span class=\"meta-nav\">&rarr;<\/span><\/a><\/p>\n","protected":false},"author":1,"featured_media":0,"comment_status":"open","ping_status":"open","sticky":false,"template":"","format":"standard","meta":{"footnotes":""},"categories":[95,147],"tags":[124,70,45],"class_list":["post-899","post","type-post","status-publish","format-standard","hentry","category-december-2008","category-fotoblogg","tag-dimma","tag-naturbilder","tag-promenad"],"_links":{"self":[{"href":"http:\/\/karin.stampis.com\/blog\/index.php?rest_route=\/wp\/v2\/posts\/899","targetHints":{"allow":["GET"]}}],"collection":[{"href":"http:\/\/karin.stampis.com\/blog\/index.php?rest_route=\/wp\/v2\/posts"}],"about":[{"href":"http:\/\/karin.stampis.com\/blog\/index.php?rest_route=\/wp\/v2\/types\/post"}],"author":[{"embeddable":true,"href":"http:\/\/karin.stampis.com\/blog\/index.php?rest_route=\/wp\/v2\/users\/1"}],"replies":[{"embeddable":true,"href":"http:\/\/karin.stampis.com\/blog\/index.php?rest_route=%2Fwp%2Fv2%2Fcomments&post=899"}],"version-history":[{"count":14,"href":"http:\/\/karin.stampis.com\/blog\/index.php?rest_route=\/wp\/v2\/posts\/899\/revisions"}],"predecessor-version":[{"id":908,"href":"http:\/\/karin.stampis.com\/blog\/index.php?rest_route=\/wp\/v2\/posts\/899\/revisions\/908"}],"wp:attachment":[{"href":"http:\/\/karin.stampis.com\/blog\/index.php?rest_route=%2Fwp%2Fv2%2Fmedia&parent=899"}],"wp:term":[{"taxonomy":"category","embeddable":true,"href":"http:\/\/karin.stampis.com\/blog\/index.php?rest_route=%2Fwp%2Fv2%2Fcategories&post=899"},{"taxonomy":"post_tag","embeddable":true,"href":"http:\/\/karin.stampis.com\/blog\/index.php?rest_route=%2Fwp%2Fv2%2Ftags&post=899"}],"curies":[{"name":"wp","href":"https:\/\/api.w.org\/{rel}","templated":true}]}}