{"id":96,"date":"2008-10-18T11:58:16","date_gmt":"2008-10-18T09:58:16","guid":{"rendered":"http:\/\/karin.stampis.com\/blog\/?p=96"},"modified":"2009-01-11T21:09:12","modified_gmt":"2009-01-11T19:09:12","slug":"liten-blir-stor","status":"publish","type":"post","link":"http:\/\/karin.stampis.com\/blog\/?p=96","title":{"rendered":"Liten blir stor"},"content":{"rendered":"<p>Ibland pratar mina f\u00f6r\u00e4ldrar om n\u00e4r jag var en liten bebis som om det vore ig\u00e5r, trots det var 28 \u00e5r sen, och s\u00e4ger att tiden g\u00e5r s\u00e5\u00e5\u00e5 snabbt.<\/p>\n<p>Efter att Jimmy varit uppe en sv\u00e4ng i norrland och h\u00e4lsat p\u00e5 han som under en kort period var &#8220;v\u00e5r bebis&#8221;, Sigge, s\u00e5 f\u00f6rst\u00e5r jag lite vad de menar om att tiden g\u00e5r snabbt &#8211; den lille ullbollen som vi l\u00e4rde k\u00e4nna mellan 4 till 9 veckors \u00e5lder har redan blivit en n\u00e4stan vuxen hund, trots det knappt var ett halv\u00e5r sen vi s\u00e5g den lille valpen sist. Lite l\u00e4skigt att tiden g\u00e5r s\u00e5 snabbt, jag ska verkligen se till att njuta av tiden d\u00e5 vi f\u00e5r en egen valp ocks\u00e5 &#8211; \u00e4ven om de s\u00e5klart \u00e4r helt underbara som vuxna vovvar ocks\u00e5 \u00e4r ju valpar s\u00e5 speciella.<\/p>\n<p>S\u00e5 h\u00e4r s\u00e5g han ut d\u00e5 vi h\u00e4lsade p\u00e5 honom i kenneln n\u00e5gon av de f\u00f6rsta g\u00e5ngerna, vid ca 4-5 veckors \u00e5lder:<\/p>\n<p><a href=\"http:\/\/karin.stampis.com\/blog\/wp-content\/uploads\/2008\/10\/goldisar-0361.jpg\"><img loading=\"lazy\" decoding=\"async\" class=\"aligncenter size-medium wp-image-100\" src=\"http:\/\/karin.stampis.com\/blog\/wp-content\/uploads\/2008\/10\/goldisar-0361-300x224.jpg\" alt=\"\" width=\"300\" height=\"224\" \/><\/a><\/p>\n<p>Inte s\u00e5 mycket st\u00f6rre \u00e4n ens f\u00f6tter;-)<\/p>\n<p><a href=\"http:\/\/karin.stampis.com\/blog\/wp-content\/uploads\/2008\/10\/goldisar-5121.jpg\"><img loading=\"lazy\" decoding=\"async\" class=\"aligncenter size-medium wp-image-101\" title=\"goldisar-5121\" src=\"http:\/\/karin.stampis.com\/blog\/wp-content\/uploads\/2008\/10\/goldisar-5121-224x300.jpg\" alt=\"\" width=\"224\" height=\"300\" srcset=\"http:\/\/karin.stampis.com\/blog\/wp-content\/uploads\/2008\/10\/goldisar-5121-224x300.jpg 224w, http:\/\/karin.stampis.com\/blog\/wp-content\/uploads\/2008\/10\/goldisar-5121.jpg 1704w\" sizes=\"auto, (max-width: 224px) 100vw, 224px\" \/><\/a><\/p>\n<p>Lite tr\u00f6tt&#8230;<\/p>\n<p><a href=\"http:\/\/karin.stampis.com\/blog\/wp-content\/uploads\/2008\/10\/goldisar-0331.jpg\"><img loading=\"lazy\" decoding=\"async\" class=\"aligncenter size-medium wp-image-102\" title=\"goldisar-0331\" src=\"http:\/\/karin.stampis.com\/blog\/wp-content\/uploads\/2008\/10\/goldisar-0331-224x300.jpg\" alt=\"\" width=\"224\" height=\"300\" srcset=\"http:\/\/karin.stampis.com\/blog\/wp-content\/uploads\/2008\/10\/goldisar-0331-224x300.jpg 224w, http:\/\/karin.stampis.com\/blog\/wp-content\/uploads\/2008\/10\/goldisar-0331.jpg 1704w\" sizes=\"auto, (max-width: 224px) 100vw, 224px\" \/><\/a><\/p>\n<p>och s\u00e5 liten att man kunde h\u00e5lla honom i famnen \ud83d\ude42<\/p>\n<p><img loading=\"lazy\" decoding=\"async\" class=\"aligncenter size-medium wp-image-104\" src=\"http:\/\/karin.stampis.com\/blog\/wp-content\/uploads\/2008\/10\/goldisar-234-224x300.jpg\" alt=\"\" width=\"224\" height=\"300\" srcset=\"http:\/\/karin.stampis.com\/blog\/wp-content\/uploads\/2008\/10\/goldisar-234-224x300.jpg 224w, http:\/\/karin.stampis.com\/blog\/wp-content\/uploads\/2008\/10\/goldisar-234.jpg 1704w\" sizes=\"auto, (max-width: 224px) 100vw, 224px\" \/><\/p>\n<p>Sista g\u00e5ngen jag tr\u00e4ffade Sigge var han 9 veckor, lite st\u00f6rre \u00e4n innan men fortfarande lillen.<\/p>\n<p><a href=\"http:\/\/karin.stampis.com\/blog\/wp-content\/uploads\/2008\/10\/goldisar-237.jpg\"><img loading=\"lazy\" decoding=\"async\" class=\"aligncenter size-medium wp-image-105\" src=\"http:\/\/karin.stampis.com\/blog\/wp-content\/uploads\/2008\/10\/goldisar-237-224x300.jpg\" alt=\"\" width=\"224\" height=\"300\" srcset=\"http:\/\/karin.stampis.com\/blog\/wp-content\/uploads\/2008\/10\/goldisar-237-224x300.jpg 224w, http:\/\/karin.stampis.com\/blog\/wp-content\/uploads\/2008\/10\/goldisar-237.jpg 1704w\" sizes=\"auto, (max-width: 224px) 100vw, 224px\" \/><\/a><\/p>\n<p>Liten nog att sitta i ens kn\u00e4&#8230;<\/p>\n<p><a href=\"http:\/\/karin.stampis.com\/blog\/wp-content\/uploads\/2008\/10\/goldisar-271.jpg\"><img loading=\"lazy\" decoding=\"async\" class=\"aligncenter size-medium wp-image-103\" title=\"goldisar-271\" src=\"http:\/\/karin.stampis.com\/blog\/wp-content\/uploads\/2008\/10\/goldisar-271-300x224.jpg\" alt=\"\" width=\"300\" height=\"224\" \/><\/a><\/p>\n<p>och inte s\u00e5 mycket st\u00f6rre en chihuahuan Lincoln!<\/p>\n<p><img loading=\"lazy\" decoding=\"async\" class=\"aligncenter size-medium wp-image-106\" src=\"http:\/\/karin.stampis.com\/blog\/wp-content\/uploads\/2008\/10\/391674202_bwic2-xl-300x199.jpg\" alt=\"\" width=\"300\" height=\"199\" srcset=\"http:\/\/karin.stampis.com\/blog\/wp-content\/uploads\/2008\/10\/391674202_bwic2-xl-300x199.jpg 300w, http:\/\/karin.stampis.com\/blog\/wp-content\/uploads\/2008\/10\/391674202_bwic2-xl.jpg 1024w\" sizes=\"auto, (max-width: 300px) 100vw, 300px\" \/><\/p>\n<p>Nu har han dock blivit stor!<\/p>\n<p><a href=\"http:\/\/karin.stampis.com\/blog\/wp-content\/uploads\/2008\/10\/391675029_ly9vs-xl.jpg\"><img loading=\"lazy\" decoding=\"async\" class=\"aligncenter size-medium wp-image-107\" title=\"391675029_ly9vs-xl\" src=\"http:\/\/karin.stampis.com\/blog\/wp-content\/uploads\/2008\/10\/391675029_ly9vs-xl-300x199.jpg\" alt=\"\" width=\"300\" height=\"199\" srcset=\"http:\/\/karin.stampis.com\/blog\/wp-content\/uploads\/2008\/10\/391675029_ly9vs-xl-300x199.jpg 300w, http:\/\/karin.stampis.com\/blog\/wp-content\/uploads\/2008\/10\/391675029_ly9vs-xl.jpg 1024w\" sizes=\"auto, (max-width: 300px) 100vw, 300px\" \/><\/a><\/p>\n<p>Nog lite stor f\u00f6r att b\u00e4ra runt i famnen eller ha liggande i kn\u00e4et;-)<\/p>\n<p><a href=\"http:\/\/karin.stampis.com\/blog\/wp-content\/uploads\/2008\/10\/391674496_h8upy-xl.jpg\"><img loading=\"lazy\" decoding=\"async\" class=\"aligncenter size-medium wp-image-118\" src=\"http:\/\/karin.stampis.com\/blog\/wp-content\/uploads\/2008\/10\/391674496_h8upy-xl-300x199.jpg\" alt=\"\" width=\"300\" height=\"199\" srcset=\"http:\/\/karin.stampis.com\/blog\/wp-content\/uploads\/2008\/10\/391674496_h8upy-xl-300x199.jpg 300w, http:\/\/karin.stampis.com\/blog\/wp-content\/uploads\/2008\/10\/391674496_h8upy-xl.jpg 1024w\" sizes=\"auto, (max-width: 300px) 100vw, 300px\" \/><\/a><\/p>\n<p>och r\u00e4tt mycket st\u00f6rre \u00e4n en katt nu!<\/p>\n<p><a href=\"http:\/\/karin.stampis.com\/blog\/wp-content\/uploads\/2008\/10\/391673764_mmf5d-xl.jpg\"><img loading=\"lazy\" decoding=\"async\" class=\"aligncenter size-medium wp-image-121\" title=\"391673764_mmf5d-xl\" src=\"http:\/\/karin.stampis.com\/blog\/wp-content\/uploads\/2008\/10\/391673764_mmf5d-xl-300x199.jpg\" alt=\"\" width=\"300\" height=\"199\" srcset=\"http:\/\/karin.stampis.com\/blog\/wp-content\/uploads\/2008\/10\/391673764_mmf5d-xl-300x199.jpg 300w, http:\/\/karin.stampis.com\/blog\/wp-content\/uploads\/2008\/10\/391673764_mmf5d-xl.jpg 1024w\" sizes=\"auto, (max-width: 300px) 100vw, 300px\" \/><\/a><\/p>\n<p>Men han \u00e4r lika glad och sprallig som d\u00e5 han var valp!!<\/p>\n<p>Jo, tiden g\u00e5r fort&#8230;.<\/p>\n","protected":false},"excerpt":{"rendered":"<p>Ibland pratar mina f\u00f6r\u00e4ldrar om n\u00e4r jag var en liten bebis som om det vore ig\u00e5r, trots det var 28 \u00e5r sen, och s\u00e4ger att tiden g\u00e5r s\u00e5\u00e5\u00e5 snabbt. Efter att Jimmy varit uppe en sv\u00e4ng i norrland och h\u00e4lsat &hellip; <a href=\"http:\/\/karin.stampis.com\/blog\/?p=96\">Continue reading <span class=\"meta-nav\">&rarr;<\/span><\/a><\/p>\n","protected":false},"author":1,"featured_media":0,"comment_status":"open","ping_status":"open","sticky":false,"template":"","format":"standard","meta":{"footnotes":""},"categories":[147,5],"tags":[31,27,30,29,26,28],"class_list":["post-96","post","type-post","status-publish","format-standard","hentry","category-fotoblogg","category-oktober-2008","tag-golden-retriever","tag-hund","tag-katt","tag-lincoln","tag-sigge","tag-tiden"],"_links":{"self":[{"href":"http:\/\/karin.stampis.com\/blog\/index.php?rest_route=\/wp\/v2\/posts\/96","targetHints":{"allow":["GET"]}}],"collection":[{"href":"http:\/\/karin.stampis.com\/blog\/index.php?rest_route=\/wp\/v2\/posts"}],"about":[{"href":"http:\/\/karin.stampis.com\/blog\/index.php?rest_route=\/wp\/v2\/types\/post"}],"author":[{"embeddable":true,"href":"http:\/\/karin.stampis.com\/blog\/index.php?rest_route=\/wp\/v2\/users\/1"}],"replies":[{"embeddable":true,"href":"http:\/\/karin.stampis.com\/blog\/index.php?rest_route=%2Fwp%2Fv2%2Fcomments&post=96"}],"version-history":[{"count":15,"href":"http:\/\/karin.stampis.com\/blog\/index.php?rest_route=\/wp\/v2\/posts\/96\/revisions"}],"predecessor-version":[{"id":119,"href":"http:\/\/karin.stampis.com\/blog\/index.php?rest_route=\/wp\/v2\/posts\/96\/revisions\/119"}],"wp:attachment":[{"href":"http:\/\/karin.stampis.com\/blog\/index.php?rest_route=%2Fwp%2Fv2%2Fmedia&parent=96"}],"wp:term":[{"taxonomy":"category","embeddable":true,"href":"http:\/\/karin.stampis.com\/blog\/index.php?rest_route=%2Fwp%2Fv2%2Fcategories&post=96"},{"taxonomy":"post_tag","embeddable":true,"href":"http:\/\/karin.stampis.com\/blog\/index.php?rest_route=%2Fwp%2Fv2%2Ftags&post=96"}],"curies":[{"name":"wp","href":"https:\/\/api.w.org\/{rel}","templated":true}]}}